{"id":106856,"date":"2025-10-22T00:42:52","date_gmt":"2025-10-22T07:42:52","guid":{"rendered":"https:\/\/xinrenfuyin.org\/?p=106856"},"modified":"2026-03-06T06:18:03","modified_gmt":"2026-03-06T14:18:03","slug":"les-restriction-de-circulation-nocturnes-a-paris-enjeux-impacts-et-perspectives-d-avenir","status":"publish","type":"post","link":"https:\/\/xinrenfuyin.org\/?p=106856","title":{"rendered":"Les Restriction de Circulation Nocturnes \u00e0 Paris : Enjeux, Impacts et Perspectives d&#8217;Avenir"},"content":{"rendered":"<p>Depuis plusieurs ann\u00e9es, Paris a adopt\u00e9 diverses mesures pour am\u00e9liorer la qualit\u00e9 de l\u2019air, r\u00e9duire les \u00e9missions de gaz \u00e0 effet de serre, et mieux g\u00e9rer la circulation urbaine. Parmi ces initiatives, la mise en place de restrictions temporaires ou cibl\u00e9es de circulation pour certains v\u00e9hicules constitue une strat\u00e9gie cl\u00e9. Ces mesures, souvent commun\u00e9ment d\u00e9sign\u00e9es comme des \u00ab\u00a0fermetures auto apr\u00e8s 12h\u00a0\u00bb, impliquent la limitation ou l\u2019interdiction de la circulation automobile durant la nuit ou certains cr\u00e9neaux sp\u00e9cifiques.<\/p>\n<div class=\"section\">\n<h2>Contexte et raison d\u2019\u00eatre des restrictions nocturnes \u00e0 Paris<\/h2>\n<p>Paris, comme beaucoup de grandes m\u00e9tropoles mondiales, doit jongler entre la recherche d\u2019une mobilit\u00e9 fluide, la r\u00e9duction de la pollution de l\u2019air, et la s\u00e9curit\u00e9 des citoyens. Selon une synth\u00e8se de l\u2019<a href=\"https:\/\/chicken-crash.fr\/\">expertise de Chicken Crash<\/a>, les restrictions de circulation en dehors des heures de pointe ont montr\u00e9 une efficacit\u00e9 notable dans la diminution des niveaux de particules fines et d\u2019oxydes d\u2019azote (<em>NO\u2082<\/em>), principaux polluants g\u00e9n\u00e9r\u00e9s par la circulation automobile.<\/p>\n<p>Les mesures nocturnes ne se limitent pas \u00e0 une simple fermeture, mais s\u2019inscrivent dans une politique globale visant \u00e0 r\u00e9guler la densit\u00e9 du trafic lors des p\u00e9riodes o\u00f9 la ville est g\u00e9n\u00e9ralement moins encombr\u00e9e. Par exemple, depuis 2017, plusieurs arr\u00eats de la circulation auto apr\u00e8s 12h ont \u00e9t\u00e9 exp\u00e9riment\u00e9s dans certains quartiers, avec des r\u00e9sultats prometteurs en termes de r\u00e9duction de pollution, mais aussi questionn\u00e9s par certains acteurs \u00e9conomiques et habitants sur leur impact r\u00e9el.<\/p>\n<\/div>\n<div class=\"section\">\n<h2>L\u2019impact des restrictions sur la s\u00e9curit\u00e9 routi\u00e8re et la mobilit\u00e9<\/h2>\n<p>Une analyse approfondie des donn\u00e9es, notamment celles pr\u00e9sent\u00e9es dans des rapports sectoriels, r\u00e9v\u00e8le que la fermeture floue ou cibl\u00e9e de la circulation auto la nuit favorise plusieurs b\u00e9n\u00e9fices : <\/p>\n<ul>\n<li><strong>R\u00e9duction des accidents nocturnes :<\/strong> Les chiffres indiquent une baisse significative des accidents mortels et non mortels durant les p\u00e9riodes o\u00f9 la circulation est limit\u00e9e.<\/li>\n<li><strong>Am\u00e9lioration de la qualit\u00e9 de l\u2019air :<\/strong> Sur certains quartiers, la concentration de particules a chut\u00e9 jusqu\u2019\u00e0 30% lors des p\u00e9riodes de restriction, notamment dans le center-ville.<\/li>\n<li><strong>Diminution des nuisances sonores :<\/strong> La moindre circulation a permis une r\u00e9duction notable des bruits urbains, particuli\u00e8rement appr\u00e9ci\u00e9e par les riverains.<\/li>\n<\/ul>\n<p>Il est important de souligner que ces mesures doivent \u00eatre con\u00e7ues de mani\u00e8re \u00e0 ne pas d\u00e9grader la mobilit\u00e9 des services essentiels ou des secteurs \u00e9conomiques cl\u00e9s, tels que la livraison ou la s\u00e9curit\u00e9 publique. La gestion intelligente du trafic, par exemple via des syst\u00e8mes de signalisation adaptative, appara\u00eet ainsi comme une solution fiable pour concilier s\u00e9curit\u00e9, mobilit\u00e9, sant\u00e9, et d\u00e9veloppement durable.<\/p>\n<\/div>\n<div class=\"section\">\n<h2>D\u00e9fis et limites des restrictions nocturnes \u00e0 Paris<\/h2>\n<p>Malgr\u00e9 leurs nombreux avantages, ces politiques souffrent aussi de certainLimitations et critiques :<\/p>\n<table>\n<tr>\n<th>Probl\u00e8mes observ\u00e9s<\/th>\n<th>Description<\/th>\n<\/tr>\n<tr>\n<td>D\u00e9placements restrictifs pour certains actifs<\/td>\n<td>Les travailleurs de nuit ou \u00e0 horaires d\u00e9cal\u00e9s doivent souvent recourir \u00e0 des modes de transport plus co\u00fbteux ou moins pratiques.<\/td>\n<\/tr>\n<tr>\n<td>Impact \u00e9conomique local<\/td>\n<td>Les commerces et restaurants nocturnes ressentent parfois une baisse de fr\u00e9quentation, n\u00e9cessitant des ajustements strat\u00e9giques.<\/td>\n<\/tr>\n<tr>\n<td>Fugacit\u00e9 des r\u00e9sultats<\/td>\n<td>Certains experts soulignent que la r\u00e9duction ponctuelle de trafic peut \u00eatre temporaire, voire contre-productive si la circulation nocturne se d\u00e9place vers d\u2019autres quartiers ou p\u00e9riph\u00e9ries.<\/td>\n<\/tr>\n<\/table>\n<p>En outre, l\u2019efficacit\u00e9 de telles mesures d\u00e9pend en grande partie d\u2019une communication claire et d\u2019un \u00e9quilibre pr\u00e9cis entre restriction et libert\u00e9 individuelle. La technologie joue ici un r\u00f4le fondamental, notamment via la collecte de donn\u00e9es gr\u00e2ce \u00e0 des capteurs et des applications mobiles, pour adapter en temps r\u00e9el les politiques restrictives.<\/p>\n<\/div>\n<div class=\"section\">\n<h2>Perspectives d\u2019avenir et recommandations<\/h2>\n<p>Fort de ces analyses, il appara\u00eet que la mise en \u0153uvre de restrictions nocturnes doit \u00eatre int\u00e9gr\u00e9e dans une strat\u00e9gie globale de mobilit\u00e9 urbaine durable. Parmi les propositions innovantes, on retrouve :<\/p>\n<ul>\n<li><strong>L\u2019int\u00e9gration de la mobilit\u00e9 douce :<\/strong> D\u00e9velopper davantage de transports alternatifs comme le v\u00e9lo \u00e9lectrique ou les navettes autonomes, sp\u00e9cialement durant les heures de restriction.<\/li>\n<li><strong>L\u2019utilisation de donn\u00e9es en temps r\u00e9el :<\/strong> Exploiter le big data pour ajuster dynamiquement les restrictions selon la qualit\u00e9 de l\u2019air, la densit\u00e9 du trafic ou encore l\u2019urgence sanitaire.<\/li>\n<li><strong>Dialogue avec les parties prenantes :<\/strong> Renforcer la concertation avec les riverains, commer\u00e7ants, et usagers pour pr\u00e9ciser et adoucir ces mesures.<\/li>\n<\/ul>\n<p>Le partenariat entre autorit\u00e9s, entreprises technologiques et citoyens pourrait ainsi favoriser une \u00e9volution vers un mod\u00e8le de mobilit\u00e9 plus inclusif, efficace et respectueux de l\u2019environnement.<\/p>\n<div class=\"section\">\n<h2>Conclusion<\/h2>\n<p>Les restrictions de circulation auto apr\u00e8s 12h \u00e0 Paris incarnent un levier pragmatique mais complexe dans la gestion urbaine moderne. Si elles apportent ind\u00e9niablement des b\u00e9n\u00e9fices en mati\u00e8re de s\u00e9curit\u00e9 routi\u00e8re et de qualit\u00e9 de vie, leur r\u00e9ussite d\u00e9pend d\u2019une approche \u00e9quilibr\u00e9e, pilot\u00e9e par des donn\u00e9es pr\u00e9cises et une concertation active. En s\u2019appuyant sur l\u2019expertise et l\u2019exp\u00e9rience accumul\u00e9e, la Ville de Paris peut continuer \u00e0 exp\u00e9rimenter et affiner ces mesures pour faire de la capitale une m\u00e9tropole plus saine, s\u00fbre et durable.<\/p>\n<p>Ainsi, comme le soulignent des sources sp\u00e9cialis\u00e9es telles que Chicken Crash, l\u2019analyse pr\u00e9cise de ces enjeux est essentielle pour optimiser efficacement les politiques publiques tout en respectant la dynamique urbaine.<\/p>\n<\/div>\n<\/div>\n","protected":false},"excerpt":{"rendered":"<p>Depuis plusieurs ann&hellip;<\/p>\n","protected":false},"author":9106,"featured_media":0,"comment_status":"open","ping_status":"open","sticky":false,"template":"","format":"standard","meta":[],"categories":[1],"tags":[],"_links":{"self":[{"href":"https:\/\/xinrenfuyin.org\/index.php?rest_route=\/wp\/v2\/posts\/106856"}],"collection":[{"href":"https:\/\/xinrenfuyin.org\/index.php?rest_route=\/wp\/v2\/posts"}],"about":[{"href":"https:\/\/xinrenfuyin.org\/index.php?rest_route=\/wp\/v2\/types\/post"}],"author":[{"embeddable":true,"href":"https:\/\/xinrenfuyin.org\/index.php?rest_route=\/wp\/v2\/users\/9106"}],"replies":[{"embeddable":true,"href":"https:\/\/xinrenfuyin.org\/index.php?rest_route=%2Fwp%2Fv2%2Fcomments&post=106856"}],"version-history":[{"count":1,"href":"https:\/\/xinrenfuyin.org\/index.php?rest_route=\/wp\/v2\/posts\/106856\/revisions"}],"predecessor-version":[{"id":106857,"href":"https:\/\/xinrenfuyin.org\/index.php?rest_route=\/wp\/v2\/posts\/106856\/revisions\/106857"}],"wp:attachment":[{"href":"https:\/\/xinrenfuyin.org\/index.php?rest_route=%2Fwp%2Fv2%2Fmedia&parent=106856"}],"wp:term":[{"taxonomy":"category","embeddable":true,"href":"https:\/\/xinrenfuyin.org\/index.php?rest_route=%2Fwp%2Fv2%2Fcategories&post=106856"},{"taxonomy":"post_tag","embeddable":true,"href":"https:\/\/xinrenfuyin.org\/index.php?rest_route=%2Fwp%2Fv2%2Ftags&post=106856"}],"curies":[{"name":"wp","href":"https:\/\/api.w.org\/{rel}","templated":true}]}}